{"id":630,"date":"2020-07-31T18:27:25","date_gmt":"2020-07-31T18:27:25","guid":{"rendered":"http:\/\/www.thierrydenys.fr\/?p=630"},"modified":"2023-11-01T17:15:25","modified_gmt":"2023-11-01T16:15:25","slug":"the-wall","status":"publish","type":"post","link":"https:\/\/thierrydenys.fr\/index.php\/2020\/07\/31\/the-wall\/","title":{"rendered":"The Wall"},"content":{"rendered":"\n<p>1982, j\u2019ai 17 ans, Alan Parker me fait exploser le cerveau, avec le film qui restera \u00ab&nbsp;le film qui m\u2019a marqu\u00e9&nbsp;\u00bb&nbsp;: The Wall&nbsp;<\/p>\n\n\n\n<p>The Wall me projette dans le pass\u00e9, le pr\u00e9sent, l\u2019avenir, et l\u2019\u00e9touffement dans lequel je suis, coinc\u00e9 \u00e0 l\u2019\u00e9poque dans des murs que j\u2019imagine infranchissables&nbsp;: les murs de la s\u00e9gr\u00e9gation sociale, les murs de mon quartier, les murs de mes incapacit\u00e9s \u00e0 vivre pleinement la vie dont je r\u00eave.<\/p>\n\n\n\n<p>J\u2019ai franchi nombre de ces murs, et j\u2019ai v\u00e9cu. D\u2019autres sont rest\u00e9s coinc\u00e9s dans ces murs. J\u2019ai pay\u00e9 et je paie encore le prix de cette escapade hors de mon monde, hors de mes murs, mais le prix est faible quand je vois la richesse de ma vie et que je la compare aux souffrances de ceux qui sont enferm\u00e9s, ici et ailleurs.<\/p>\n\n\n\n<p>2005, j\u2019ai 40 ans, je veux comprendre ce qui se passe en Palestine, en Isra\u00ebl. Un deuxi\u00e8me mur m\u2019explose le cerveau, le c\u0153ur, l\u2019\u00e2me.&nbsp;<\/p>\n\n\n\n<p>Comment peut-on en arriver \u00e0 cette extr\u00e9mit\u00e9, \u00e0 construire un mur mat\u00e9riel gigantesque, infranchissable, entre deux peuples&nbsp;? Je suis rest\u00e9 sid\u00e9r\u00e9 par ce mur, 15 ans apr\u00e8s l\u2019avoir rencontr\u00e9 il me hante encore. Les d\u00e9g\u00e2ts qu\u2019il cause sont encore dans ma m\u00e9moire, les souffrances qu\u2019il engendre je les ressens encore.&nbsp;<\/p>\n\n\n\n<p>Entre les deux, en 1991, le mur le plus c\u00e9l\u00e8bre, Berlin, \u00e9tait tomb\u00e9\u2026J\u2019ai cru \u00e0 l\u2019\u00e9poque que l\u2019humanit\u00e9 se r\u00e9veillait, fraternisait\u2026Cruelle d\u00e9ception, les fous de guerre continuent \u00e0 dominer dans d\u2019innombrables endroits sur Terre, des murs continuent \u00e0 se construire.&nbsp;<\/p>\n\n\n\n<p>Alan Parker est mort aujourd\u2019hui. Je le remercie d\u2019avoir cr\u00e9\u00e9 ce film, d\u2019avoir mis en images ce magnifique album, ce si d\u00e9rangeant album de Pink Floyd&nbsp;:&nbsp;&nbsp;il a profond\u00e9ment marqu\u00e9 ma vie et m\u2019a aid\u00e9, gr\u00e2ce \u00e0 lui j\u2019ai appris \u00e0 me m\u00e9fier des murs, de tous les murs, ceux qui sont en moi et hors de moi, et j\u2019ai compris l\u2019infinie valeur de la libert\u00e9.&nbsp;<\/p>\n\n\n\n<p>Il reste tant de murs \u00e0 abattre, en nous, entre nous&#8230;.je ne garderai que cette phrase \u00e9crite sur ce mur inf\u00e2me : make love, not walls<\/p>\n\n\n\n<figure class=\"wp-block-gallery has-nested-images columns-default is-cropped wp-block-gallery-1 is-layout-flex wp-block-gallery-is-layout-flex\">\n<figure class=\"wp-block-image size-large\"><img loading=\"lazy\" decoding=\"async\" width=\"772\" height=\"1024\" data-id=\"732\" src=\"http:\/\/thierrydenys.fr\/wp-content\/uploads\/2023\/10\/wall3-772x1024.png\" alt=\"\" class=\"wp-image-732\" srcset=\"https:\/\/thierrydenys.fr\/wp-content\/uploads\/2023\/10\/wall3-772x1024.png 772w, https:\/\/thierrydenys.fr\/wp-content\/uploads\/2023\/10\/wall3-226x300.png 226w, https:\/\/thierrydenys.fr\/wp-content\/uploads\/2023\/10\/wall3-768x1018.png 768w, https:\/\/thierrydenys.fr\/wp-content\/uploads\/2023\/10\/wall3.png 1136w\" sizes=\"auto, (max-width: 772px) 100vw, 772px\" \/><\/figure>\n\n\n\n<figure class=\"wp-block-image size-large\"><img loading=\"lazy\" decoding=\"async\" width=\"1024\" height=\"779\" data-id=\"730\" src=\"http:\/\/thierrydenys.fr\/wp-content\/uploads\/2023\/10\/wall1-1024x779.png\" alt=\"\" class=\"wp-image-730\" srcset=\"https:\/\/thierrydenys.fr\/wp-content\/uploads\/2023\/10\/wall1-1024x779.png 1024w, https:\/\/thierrydenys.fr\/wp-content\/uploads\/2023\/10\/wall1-300x228.png 300w, https:\/\/thierrydenys.fr\/wp-content\/uploads\/2023\/10\/wall1-768x584.png 768w, https:\/\/thierrydenys.fr\/wp-content\/uploads\/2023\/10\/wall1-1536x1168.png 1536w, https:\/\/thierrydenys.fr\/wp-content\/uploads\/2023\/10\/wall1.png 1696w\" sizes=\"auto, (max-width: 1024px) 100vw, 1024px\" \/><\/figure>\n\n\n\n<figure class=\"wp-block-image size-large\"><img loading=\"lazy\" decoding=\"async\" width=\"847\" height=\"1024\" data-id=\"731\" src=\"http:\/\/thierrydenys.fr\/wp-content\/uploads\/2023\/10\/wall2-847x1024.png\" alt=\"\" class=\"wp-image-731\" srcset=\"https:\/\/thierrydenys.fr\/wp-content\/uploads\/2023\/10\/wall2-847x1024.png 847w, https:\/\/thierrydenys.fr\/wp-content\/uploads\/2023\/10\/wall2-248x300.png 248w, https:\/\/thierrydenys.fr\/wp-content\/uploads\/2023\/10\/wall2-768x928.png 768w, https:\/\/thierrydenys.fr\/wp-content\/uploads\/2023\/10\/wall2.png 1150w\" sizes=\"auto, (max-width: 847px) 100vw, 847px\" \/><\/figure>\n<figcaption class=\"blocks-gallery-caption wp-element-caption\">One of the Walls on earth<br>Photos Thierry Denys et Gael Heriss\u00e9. <\/figcaption><\/figure>\n\n\n\n<p><\/p>\n","protected":false},"excerpt":{"rendered":"<p>1982, j\u2019ai 17 ans, Alan Parker me fait exploser le cerveau, avec le film qui restera \u00ab&nbsp;le film qui m\u2019a marqu\u00e9&nbsp;\u00bb&nbsp;: The Wall&nbsp; The Wall me projette dans le pass\u00e9, le pr\u00e9sent, l\u2019avenir, et l\u2019\u00e9touffement dans lequel je suis, coinc\u00e9 \u00e0 l\u2019\u00e9poque dans des murs que j\u2019imagine infranchissables&nbsp;: les murs de la s\u00e9gr\u00e9gation sociale, les murs de mon quartier, les murs de mes incapacit\u00e9s \u00e0 vivre pleinement la vie dont je r\u00eave. J\u2019ai franchi nombre de ces murs, et j\u2019ai v\u00e9cu. D\u2019autres sont rest\u00e9s coinc\u00e9s dans ces murs. J\u2019ai pay\u00e9 et je paie encore le prix de cette escapade hors de mon monde, hors de mes murs, mais le prix est faible quand je vois la richesse de ma vie et que je la compare aux souffrances de ceux qui sont enferm\u00e9s, ici et ailleurs. 2005, j\u2019ai 40 ans, je veux comprendre ce qui se passe en Palestine, en Isra\u00ebl. Un deuxi\u00e8me mur m\u2019explose le cerveau, le c\u0153ur, l\u2019\u00e2me.&nbsp; Comment peut-on en arriver \u00e0 cette extr\u00e9mit\u00e9, \u00e0 construire un mur mat\u00e9riel gigantesque, infranchissable, entre deux peuples&nbsp;? Je suis rest\u00e9 sid\u00e9r\u00e9 par ce mur, 15 ans apr\u00e8s l\u2019avoir rencontr\u00e9 il me hante encore. Les d\u00e9g\u00e2ts qu\u2019il cause sont encore dans ma m\u00e9moire, les souffrances qu\u2019il engendre je les ressens encore.&nbsp; Entre les deux, en 1991, le mur le plus c\u00e9l\u00e8bre, Berlin, \u00e9tait tomb\u00e9\u2026J\u2019ai cru \u00e0 l\u2019\u00e9poque que l\u2019humanit\u00e9 se r\u00e9veillait, fraternisait\u2026Cruelle d\u00e9ception, les fous de guerre continuent \u00e0 dominer dans d\u2019innombrables endroits sur Terre, des murs continuent \u00e0 se construire.&nbsp; Alan Parker est mort aujourd\u2019hui. Je le remercie d\u2019avoir cr\u00e9\u00e9 ce film, d\u2019avoir mis en images ce magnifique album, ce si d\u00e9rangeant album de Pink Floyd&nbsp;:&nbsp;&nbsp;il a profond\u00e9ment marqu\u00e9 ma vie et m\u2019a aid\u00e9, gr\u00e2ce \u00e0 lui j\u2019ai appris \u00e0 me m\u00e9fier des murs, de tous les murs, ceux qui sont en moi et hors de moi, et j\u2019ai compris l\u2019infinie valeur de la libert\u00e9.&nbsp; Il reste tant de murs \u00e0 abattre, en nous, entre nous&#8230;.je ne garderai que cette phrase \u00e9crite sur ce mur inf\u00e2me : make love, not walls<\/p>\n","protected":false},"author":2,"featured_media":733,"comment_status":"open","ping_status":"open","sticky":false,"template":"","format":"image","meta":{"footnotes":""},"categories":[4],"tags":[],"class_list":["post-630","post","type-post","status-publish","format-image","has-post-thumbnail","hentry","category-uncategorized","post_format-post-format-image"],"_links":{"self":[{"href":"https:\/\/thierrydenys.fr\/index.php\/wp-json\/wp\/v2\/posts\/630","targetHints":{"allow":["GET"]}}],"collection":[{"href":"https:\/\/thierrydenys.fr\/index.php\/wp-json\/wp\/v2\/posts"}],"about":[{"href":"https:\/\/thierrydenys.fr\/index.php\/wp-json\/wp\/v2\/types\/post"}],"author":[{"embeddable":true,"href":"https:\/\/thierrydenys.fr\/index.php\/wp-json\/wp\/v2\/users\/2"}],"replies":[{"embeddable":true,"href":"https:\/\/thierrydenys.fr\/index.php\/wp-json\/wp\/v2\/comments?post=630"}],"version-history":[{"count":3,"href":"https:\/\/thierrydenys.fr\/index.php\/wp-json\/wp\/v2\/posts\/630\/revisions"}],"predecessor-version":[{"id":977,"href":"https:\/\/thierrydenys.fr\/index.php\/wp-json\/wp\/v2\/posts\/630\/revisions\/977"}],"wp:featuredmedia":[{"embeddable":true,"href":"https:\/\/thierrydenys.fr\/index.php\/wp-json\/wp\/v2\/media\/733"}],"wp:attachment":[{"href":"https:\/\/thierrydenys.fr\/index.php\/wp-json\/wp\/v2\/media?parent=630"}],"wp:term":[{"taxonomy":"category","embeddable":true,"href":"https:\/\/thierrydenys.fr\/index.php\/wp-json\/wp\/v2\/categories?post=630"},{"taxonomy":"post_tag","embeddable":true,"href":"https:\/\/thierrydenys.fr\/index.php\/wp-json\/wp\/v2\/tags?post=630"}],"curies":[{"name":"wp","href":"https:\/\/api.w.org\/{rel}","templated":true}]}}