{"id":557,"date":"2016-12-15T15:14:48","date_gmt":"2016-12-15T15:14:48","guid":{"rendered":"http:\/\/www.thierrydenys.fr\/?p=557"},"modified":"2023-11-01T18:38:39","modified_gmt":"2023-11-01T17:38:39","slug":"vous-etes-toutes-et-tous-un-bout-de-mon-ame","status":"publish","type":"post","link":"https:\/\/thierrydenys.fr\/index.php\/2016\/12\/15\/vous-etes-toutes-et-tous-un-bout-de-mon-ame\/","title":{"rendered":"Vous \u00eates toutes et tous un bout de mon \u00e2me"},"content":{"rendered":"\n<p>M\u00e9ditant, \u00e0 2300 m\u00e8tres d\u2019altitude, devant le cirque de Mafate, la question vient, en ce jour si particulier d\u2019un anniversaire. L\u2019occasion de s\u2019arr\u00eater, de se questionner\u2026<\/p>\n\n\n\n<p>Qui suis-je&nbsp;?<\/p>\n\n\n\n<p>La r\u00e9ponse arrive\u2026elle fuse\u2026elle est imm\u00e9diate\u2026je ne suis que ce que vous m\u2019avez amen\u00e9.<\/p>\n\n\n\n<p>Je pense \u00e0 vous, qui avez crois\u00e9 ma vie, qui \u00eates entr\u00e9s dans ma vie, que j\u2019ai regard\u00e9s, que j\u2019ai \u00e9cout\u00e9s, parfois que j\u2019ai ressentis, parfois que j\u2019ai aim\u00e9s.<\/p>\n\n\n\n<p>Je suis la combinaison de toutes ces rencontres. Je suis vous, vous \u00eates moi, j\u2019ai pris \u00e0 chacun d\u2019entre vous, j\u2019ai pris sans que cela vous co\u00fbte, j\u2019ai donn\u00e9 sans que cela me co\u00fbte.<\/p>\n\n\n\n<p>Il est difficile de d\u00e9terminer qui, ou, quoi, quand, a&nbsp;pes\u00e9 le plus, le mieux, le moins.<\/p>\n\n\n\n<p>Tout est l\u00e0, tout est utilis\u00e9 \u00e0 un moment ou \u00e0 un autre.<\/p>\n\n\n\n<p>M\u00eame le vent, qui en ce moment souffle, m\u2019interroge, m\u2019interpelle et m\u2019appelle. Il me rappelle que nous ne sommes que poussi\u00e8re dans le vent, que c\u2019est le vent qui va amener les nuages, puis les chasser, qui va faire revenir le soleil, qui va le faire dispara\u00eetre, qui emm\u00e8ne les graines, qui emm\u00e8ne les feuilles.<\/p>\n\n\n\n<p>Tout ce que l\u2019on croise est important\u2026<\/p>\n\n\n\n<p>La vie, ma vie, c\u2019est une rencontre. Je suis content de vous avoir rencontr\u00e9s, je vous remercie de ce que vous m\u2019avez apport\u00e9. Vous \u00eates toutes, vous \u00eates tous, la nature\u2026tout cela est un bout de mon \u00e2me.<\/p>\n","protected":false},"excerpt":{"rendered":"<p>M\u00e9ditant, \u00e0 2300 m\u00e8tres d\u2019altitude, devant le cirque de Mafate, la question vient, en ce jour si particulier d\u2019un anniversaire. L\u2019occasion de s\u2019arr\u00eater, de se questionner\u2026 Qui suis-je&nbsp;? La r\u00e9ponse arrive\u2026elle fuse\u2026elle est imm\u00e9diate\u2026je ne suis que ce que vous m\u2019avez amen\u00e9. Je pense \u00e0 vous, qui avez crois\u00e9 ma vie, qui \u00eates entr\u00e9s dans ma vie, que j\u2019ai regard\u00e9s, que j\u2019ai \u00e9cout\u00e9s, parfois que j\u2019ai ressentis, parfois que j\u2019ai aim\u00e9s. Je suis la combinaison de toutes ces rencontres. Je suis vous, vous \u00eates moi, j\u2019ai pris \u00e0 chacun d\u2019entre vous, j\u2019ai pris sans que cela vous co\u00fbte, j\u2019ai donn\u00e9 sans que cela me co\u00fbte. Il est difficile de d\u00e9terminer qui, ou, quoi, quand, a&nbsp;pes\u00e9 le plus, le mieux, le moins. Tout est l\u00e0, tout est utilis\u00e9 \u00e0 un moment ou \u00e0 un autre. M\u00eame le vent, qui en ce moment souffle, m\u2019interroge, m\u2019interpelle et m\u2019appelle. Il me rappelle que nous ne sommes que poussi\u00e8re dans le vent, que c\u2019est le vent qui va amener les nuages, puis les chasser, qui va faire revenir le soleil, qui va le faire dispara\u00eetre, qui emm\u00e8ne les graines, qui emm\u00e8ne les feuilles. Tout ce que l\u2019on croise est important\u2026 La vie, ma vie, c\u2019est une rencontre. Je suis content de vous avoir rencontr\u00e9s, je vous remercie de ce que vous m\u2019avez apport\u00e9. Vous \u00eates toutes, vous \u00eates tous, la nature\u2026tout cela est un bout de mon \u00e2me.<\/p>\n","protected":false},"author":2,"featured_media":726,"comment_status":"open","ping_status":"open","sticky":false,"template":"","format":"standard","meta":{"footnotes":""},"categories":[4],"tags":[],"class_list":["post-557","post","type-post","status-publish","format-standard","has-post-thumbnail","hentry","category-uncategorized"],"_links":{"self":[{"href":"https:\/\/thierrydenys.fr\/index.php\/wp-json\/wp\/v2\/posts\/557","targetHints":{"allow":["GET"]}}],"collection":[{"href":"https:\/\/thierrydenys.fr\/index.php\/wp-json\/wp\/v2\/posts"}],"about":[{"href":"https:\/\/thierrydenys.fr\/index.php\/wp-json\/wp\/v2\/types\/post"}],"author":[{"embeddable":true,"href":"https:\/\/thierrydenys.fr\/index.php\/wp-json\/wp\/v2\/users\/2"}],"replies":[{"embeddable":true,"href":"https:\/\/thierrydenys.fr\/index.php\/wp-json\/wp\/v2\/comments?post=557"}],"version-history":[{"count":3,"href":"https:\/\/thierrydenys.fr\/index.php\/wp-json\/wp\/v2\/posts\/557\/revisions"}],"predecessor-version":[{"id":1022,"href":"https:\/\/thierrydenys.fr\/index.php\/wp-json\/wp\/v2\/posts\/557\/revisions\/1022"}],"wp:featuredmedia":[{"embeddable":true,"href":"https:\/\/thierrydenys.fr\/index.php\/wp-json\/wp\/v2\/media\/726"}],"wp:attachment":[{"href":"https:\/\/thierrydenys.fr\/index.php\/wp-json\/wp\/v2\/media?parent=557"}],"wp:term":[{"taxonomy":"category","embeddable":true,"href":"https:\/\/thierrydenys.fr\/index.php\/wp-json\/wp\/v2\/categories?post=557"},{"taxonomy":"post_tag","embeddable":true,"href":"https:\/\/thierrydenys.fr\/index.php\/wp-json\/wp\/v2\/tags?post=557"}],"curies":[{"name":"wp","href":"https:\/\/api.w.org\/{rel}","templated":true}]}}