{"id":340,"date":"2014-01-06T11:38:12","date_gmt":"2014-01-06T10:38:12","guid":{"rendered":"http:\/\/www.thierrydenys.fr\/?p=340"},"modified":"2023-11-01T17:16:48","modified_gmt":"2023-11-01T16:16:48","slug":"peut-on-vraiment-enlever-son-masque","status":"publish","type":"post","link":"https:\/\/thierrydenys.fr\/index.php\/2014\/01\/06\/peut-on-vraiment-enlever-son-masque\/","title":{"rendered":"Peut on enlever longtemps son masque ?"},"content":{"rendered":"\n<p>Grandir, chercher, comprendre, mieux conna\u00eetre, d\u00e9battre, questionner\u2026La vue de ce masque m&#8217;interpelle. Emm\u00eal\u00e9 dans mes id\u00e9es re\u00e7ues, j\u2019ai relu trois fois le panneau indiquant l\u2019origine de ce masque&nbsp;: le Groeland\u2026<\/p>\n\n\n\n<p class=\"has-text-align-center\">Masque en bois, Ammassalimiut du Groenland, 1935.<\/p>\n\n\n\n<p>&nbsp;Mettre un masque, c\u2019est devenir quelqu\u2019un d\u2019autre, l\u2019analogie est tentante avec les avatars fleurissant sur les profils des r\u00e9seaux sociaux actuels. Mettre un masque c\u2019est cacher une partie de soi, jouer un r\u00f4le.<\/p>\n\n\n\n<p>Mettre un masque c\u2019est aussi exprimer une \u00e9motion, une \u00e9motion que l\u2019on a du mal \u00e0 mettre en mots.<\/p>\n\n\n\n<p>Lire l\u2019autre \u00e0 visage et \u00e2me d\u00e9couverts est d\u00e9j\u00e0 complexe, alors lire l\u2019autre \u00e0 travers des masques, c\u2019est ne lire que la surface, c\u2019est se laisser d\u00e9tourner de sa profondeur, de ce qu\u2019il est r\u00e9ellement.<\/p>\n\n\n\n<p>Nos masques cachent souvent nos peurs, nos envies, nous permettent de pouvoir plus facilement reculer, changer d\u2019avis, la fuite est d\u00e9j\u00e0 entam\u00e9e\u2026nos masques parfois sont multiples, vitaux, ou permettent simplement de s\u2019ins\u00e9rer dans une communaut\u00e9.&nbsp;Peut on oublier longtemps nos masques, peut on se vivre sinc\u00e8rement&nbsp;?<\/p>\n\n\n\n<p>Une ann\u00e9e qui s\u2019ouvre, quelques jours de vacances et de recul, la rencontre des masques, la question de la relation \u00e0 l\u2019autre et \u00e0 soi s\u2019insinue\u2026<\/p>\n\n\n\n<p>Chacun trouvera sa r\u00e9ponse en contemplant son masque du moment, en se rem\u00e9morant le masque qu\u2019il a port\u00e9 hier, cette nuit, ce matin.<\/p>\n\n\n\n<p>Mes masques de 2014, je les imagine comme outils de lien vers le partage, l\u2019humanit\u00e9, l\u2019altruisme, le dialogue. En attendant les masques de 2014, je me souviens d&#8217;un de mes plus beaux masques de 2013, le masque du sourire permanent \ud83d\ude42<\/p>\n\n\n<div class=\"wp-block-image\">\n<figure class=\"aligncenter size-large\"><img loading=\"lazy\" decoding=\"async\" width=\"1024\" height=\"673\" src=\"http:\/\/thierrydenys.fr\/wp-content\/uploads\/2023\/10\/Capture-decran-2023-10-04-a-16.46.38-1024x673.png\" alt=\"\" class=\"wp-image-673\" srcset=\"https:\/\/thierrydenys.fr\/wp-content\/uploads\/2023\/10\/Capture-decran-2023-10-04-a-16.46.38-1024x673.png 1024w, https:\/\/thierrydenys.fr\/wp-content\/uploads\/2023\/10\/Capture-decran-2023-10-04-a-16.46.38-300x197.png 300w, https:\/\/thierrydenys.fr\/wp-content\/uploads\/2023\/10\/Capture-decran-2023-10-04-a-16.46.38-768x505.png 768w, https:\/\/thierrydenys.fr\/wp-content\/uploads\/2023\/10\/Capture-decran-2023-10-04-a-16.46.38.png 1112w\" sizes=\"auto, (max-width: 1024px) 100vw, 1024px\" \/><\/figure>\n<\/div>","protected":false},"excerpt":{"rendered":"<p>Grandir, chercher, comprendre, mieux conna\u00eetre, d\u00e9battre, questionner\u2026La vue de ce masque m&#8217;interpelle. Emm\u00eal\u00e9 dans mes id\u00e9es re\u00e7ues, j\u2019ai relu trois fois le panneau indiquant l\u2019origine de ce masque&nbsp;: le Groeland\u2026 Masque en bois, Ammassalimiut du Groenland, 1935. &nbsp;Mettre un masque, c\u2019est devenir quelqu\u2019un d\u2019autre, l\u2019analogie est tentante avec les avatars fleurissant sur les profils des r\u00e9seaux sociaux actuels. Mettre un masque c\u2019est cacher une partie de soi, jouer un r\u00f4le. Mettre un masque c\u2019est aussi exprimer une \u00e9motion, une \u00e9motion que l\u2019on a du mal \u00e0 mettre en mots. Lire l\u2019autre \u00e0 visage et \u00e2me d\u00e9couverts est d\u00e9j\u00e0 complexe, alors lire l\u2019autre \u00e0 travers des masques, c\u2019est ne lire que la surface, c\u2019est se laisser d\u00e9tourner de sa profondeur, de ce qu\u2019il est r\u00e9ellement. Nos masques cachent souvent nos peurs, nos envies, nous permettent de pouvoir plus facilement reculer, changer d\u2019avis, la fuite est d\u00e9j\u00e0 entam\u00e9e\u2026nos masques parfois sont multiples, vitaux, ou permettent simplement de s\u2019ins\u00e9rer dans une communaut\u00e9.&nbsp;Peut on oublier longtemps nos masques, peut on se vivre sinc\u00e8rement&nbsp;? Une ann\u00e9e qui s\u2019ouvre, quelques jours de vacances et de recul, la rencontre des masques, la question de la relation \u00e0 l\u2019autre et \u00e0 soi s\u2019insinue\u2026 Chacun trouvera sa r\u00e9ponse en contemplant son masque du moment, en se rem\u00e9morant le masque qu\u2019il a port\u00e9 hier, cette nuit, ce matin. Mes masques de 2014, je les imagine comme outils de lien vers le partage, l\u2019humanit\u00e9, l\u2019altruisme, le dialogue. En attendant les masques de 2014, je me souviens d&#8217;un de mes plus beaux masques de 2013, le masque du sourire permanent \ud83d\ude42<\/p>\n","protected":false},"author":2,"featured_media":672,"comment_status":"open","ping_status":"open","sticky":false,"template":"","format":"standard","meta":{"footnotes":""},"categories":[4],"tags":[],"class_list":["post-340","post","type-post","status-publish","format-standard","has-post-thumbnail","hentry","category-uncategorized"],"_links":{"self":[{"href":"https:\/\/thierrydenys.fr\/index.php\/wp-json\/wp\/v2\/posts\/340","targetHints":{"allow":["GET"]}}],"collection":[{"href":"https:\/\/thierrydenys.fr\/index.php\/wp-json\/wp\/v2\/posts"}],"about":[{"href":"https:\/\/thierrydenys.fr\/index.php\/wp-json\/wp\/v2\/types\/post"}],"author":[{"embeddable":true,"href":"https:\/\/thierrydenys.fr\/index.php\/wp-json\/wp\/v2\/users\/2"}],"replies":[{"embeddable":true,"href":"https:\/\/thierrydenys.fr\/index.php\/wp-json\/wp\/v2\/comments?post=340"}],"version-history":[{"count":4,"href":"https:\/\/thierrydenys.fr\/index.php\/wp-json\/wp\/v2\/posts\/340\/revisions"}],"predecessor-version":[{"id":978,"href":"https:\/\/thierrydenys.fr\/index.php\/wp-json\/wp\/v2\/posts\/340\/revisions\/978"}],"wp:featuredmedia":[{"embeddable":true,"href":"https:\/\/thierrydenys.fr\/index.php\/wp-json\/wp\/v2\/media\/672"}],"wp:attachment":[{"href":"https:\/\/thierrydenys.fr\/index.php\/wp-json\/wp\/v2\/media?parent=340"}],"wp:term":[{"taxonomy":"category","embeddable":true,"href":"https:\/\/thierrydenys.fr\/index.php\/wp-json\/wp\/v2\/categories?post=340"},{"taxonomy":"post_tag","embeddable":true,"href":"https:\/\/thierrydenys.fr\/index.php\/wp-json\/wp\/v2\/tags?post=340"}],"curies":[{"name":"wp","href":"https:\/\/api.w.org\/{rel}","templated":true}]}}