{"id":325,"date":"2013-12-16T20:36:56","date_gmt":"2013-12-16T19:36:56","guid":{"rendered":"http:\/\/www.thierrydenys.fr\/?p=325"},"modified":"2023-11-01T17:59:17","modified_gmt":"2023-11-01T16:59:17","slug":"au-milieu-de-linfini-sont-les-humains","status":"publish","type":"post","link":"https:\/\/thierrydenys.fr\/index.php\/2013\/12\/16\/au-milieu-de-linfini-sont-les-humains\/","title":{"rendered":"Au milieu de l&#8217;infini sont les humains"},"content":{"rendered":"\n<p>Nous sommes connect\u00e9s \u00e0 l\u2019infini..<\/p>\n\n\n\n<p>D\u00e8s que nous levons les yeux vers les \u00e9toiles, ou d\u00e8s que nous fermons les yeux et acceptons de plonger au c\u0153ur des trous noirs de notre pens\u00e9e, nous sommes connect\u00e9s \u00e0 l\u2019infini\u2026<\/p>\n\n\n\n<p>L\u2019infini est merveilleux pour qui le souhaite, il emplit tous nos sens et nous laisse pr\u00e9sager tant de plaisirs, tant de d\u00e9couvertes, tant de sensations que nous n\u2019imaginons pas encore.<\/p>\n\n\n\n<p>Mais quelle est la place de l\u2019humain dans l\u2019infini&nbsp;?<\/p>\n\n\n\n<p>Pour \u00eatre pris de s\u00e9r\u00e9nit\u00e9 et non de vertige, probablement faut il accepter de reconna\u00eetre que nous ne sommes que poussi\u00e8re au c\u0153ur de l&#8217;univers, que notre destin individuel et collectif n&#8217;a que peu d&#8217;importance au regard de la marche des galaxies, que probablement en dehors de nous m\u00eame nul ne conna\u00eet notre existence.<\/p>\n\n\n\n<!--more-->\n\n\n\n<p>Cette posture emplie d\u2019humilit\u00e9 peut nous permettre de construire avec s\u00e9r\u00e9nit\u00e9 et bienveillance nos rapports avec les autres humains, avec les autres esp\u00e8ces, avec ce qui vit autour de nous. Nous sommes des \u00eatres chanceux&nbsp;: les forces qui nous entourent nous permettent en effet la collaboration avec elles, nous permettent une vie agr\u00e9able, nous avons l&#8217;opportunit\u00e9 exceptionnelle de vivre en paix au milieu d&#8217;un univers paisible et accueillant.<\/p>\n\n\n\n<p>L&#8217;infinitude de l&#8217;univers est beau, magnifique, sublime m\u00eame. Il contient tant de chose que nous ne connaissons pas, ne percevons pas, n&#8217;imaginons m\u00eame pas. Lever les yeux un soir de ciel \u00e9toil\u00e9, c&#8217;est partir, c\u2019est aller au del\u00e0 de la port\u00e9e de l&#8217;\u0153il, c&#8217;est oser r\u00eaver les autres galaxies, c\u2019est oser imaginer ce qui n&#8217;existe peut-\u00eatre pas.<\/p>\n\n\n\n<p>Nos r\u00eaves n\u2019ont que les limites que nous leur donnons, souvent ils m\u2019emm\u00e8nent au del\u00e0 de la porte d\u2019Orion, me font suivre les poussi\u00e8res d\u2019\u00e9toiles et admirer des naissances de plan\u00e8tes\u2026La beaut\u00e9 de l\u2019univers est sans limite \u00e0 qui veut le regarder avec les yeux souriants.<\/p>\n\n\n\n<p>Lever les yeux, ou regarder en soi, c&#8217;est oser, oser vivre plus, oser sortir de la condition humaine actuelle qui nous plaque au sol de la Terre. C\u2019est s\u2019\u00e9lever, devenir meilleur.<\/p>\n\n\n\n<p>D\u00e8s que l\u2019on d\u00e9croche du quotidien, que l\u2019on se pose la question de la place de l\u2019homme dans l\u2019univers, la r\u00e9ponse arrive ais\u00e9ment&nbsp;: la nature nous d\u00e9passe, nous surpasse, elle englobe des milliards d&#8217;\u00e9toiles, c\u2019est elle qui nous offre la vie\u2026.notre culture qui vise \u00e0 la r\u00e9duire \u00e0 nos for\u00eats et nos animaux, qui ne parle d\u2019univers que par hasard, est une culture de la peur de l\u2019inconnu, alors que la d\u00e9couverte de l\u2019univers et de l\u2019infini n\u2019est que joie pour l\u2019explorateur.<\/p>\n\n\n\n<p>Nous allons partir, un jour ou une nuit, nous serons \u00e0 nouveau une poussi\u00e8re d\u2019\u00e9toile, de cette Terre ou d\u2019ailleurs. Poussi\u00e8re consciente&nbsp;? L\u00e0 est toute la question, rien d\u2019autre n\u2019a vraiment d\u2019importance.<\/p>\n\n\n\n<p><span style=\"line-height: 1.5em;\">Mon seul espoir , ma seule envie, est de pouvoir, enfin d\u00e9barrass\u00e9 de cette pataude enveloppe humaine, voyager aux fronti\u00e8res de notre galaxie puis les franchir, pour d\u00e9couvrir enfin ce que r\u00e9v\u00e8le l\u2019exp\u00e9rience de l\u2019infini\u2026.<\/span><\/p>\n\n\n<div class=\"wp-block-image\">\n<figure class=\"aligncenter size-full is-resized\"><img loading=\"lazy\" decoding=\"async\" width=\"420\" height=\"110\" src=\"http:\/\/thierrydenys.fr\/wp-content\/uploads\/2023\/10\/Capture-decran-2023-10-16-a-11.58.00.png\" alt=\"\" class=\"wp-image-674\" style=\"aspect-ratio:3.8181818181818183;width:868px;height:auto\" srcset=\"https:\/\/thierrydenys.fr\/wp-content\/uploads\/2023\/10\/Capture-decran-2023-10-16-a-11.58.00.png 420w, https:\/\/thierrydenys.fr\/wp-content\/uploads\/2023\/10\/Capture-decran-2023-10-16-a-11.58.00-300x79.png 300w\" sizes=\"auto, (max-width: 420px) 100vw, 420px\" \/><\/figure>\n<\/div>\n\n\n<p>Blaise Pascal (1623 &#8211; 1662):<\/p>\n\n\n\n<p>Que l&#8217;homme contemple donc la nature enti\u00e8re dans sa haute et pleine majest\u00e9, qu&#8217;il \u00e9loigne sa vue des objets bas qui l&#8217;environnent.<\/p>\n\n\n\n<p>Qu&#8217;il regarde cette \u00e9clatante lumi\u00e8re, mise comme une lampe \u00e9ternelle pour \u00e9clairer l&#8217;univers, que la terre lui paraisse comme un point au prix du vaste tour que cet astre d\u00e9crit et qu&#8217;il s&#8217;\u00e9tonne de ce que ce vaste tour lui-m\u00eame n&#8217;est qu&#8217;une pointe tr\u00e8s d\u00e9licate \u00e0 l&#8217;\u00e9gard de celui que les astres qui roulent dans le firmament embrassent.<\/p>\n\n\n\n<p>Mais si notre vue s&#8217;arr\u00eate l\u00e0, que l&#8217;imagination passe outre; elle se lassera plut\u00f4t de concevoir, que la nature de fournir. Tout ce monde visible n&#8217;est qu&#8217;un trait imperceptible dans l&#8217;ample sein de la nature. Nulle id\u00e9e n&#8217;en approche. Nous avons beau enfler nos conceptions au-del\u00e0 des espaces imaginables, nous n&#8217;enfantons que des atomes, au prix de la r\u00e9alit\u00e9 des choses. C&#8217;est une sph\u00e8re dont le centre est partout, la circonf\u00e9rence nulle part. Enfin, c&#8217;est le plus grand caract\u00e8re sensible de la toute puissance de Dieu, que notre imagination se perde dans cette pens\u00e9e.<\/p>\n\n\n\n<p>Que l&#8217;homme, \u00e9tant revenu \u00e0 soi, consid\u00e8re ce qu&#8217;il est au prix de ce qui est; qu&#8217;il se regarde comme \u00e9gar\u00e9 dans ce canton d\u00e9tourn\u00e9 de la nature; et que de ce petit cachot o\u00f9 il se trouve log\u00e9, j&#8217;entends l&#8217;univers, il apprenne \u00e0 estimer la terre, les royaumes, les villes et soi-m\u00eame son juste prix.<\/p>\n\n\n\n<p>Qu&#8217;est-ce qu&#8217;un homme dans l&#8217;infini&nbsp;?<\/p>\n\n\n\n<p>Mais pour lui pr\u00e9senter un autre prodige aussi \u00e9tonnant, qu&#8217;il recherche dans ce qu&#8217;il conna\u00eet les choses les plus d\u00e9licates. Qu&#8217;un ciron lui offre dans la petitesse de son corps des parties incomparablement plus petites, des jambes avec des jointures, des veines dans ces jambes, du sang dans ces veines, des humeurs dans ce sang, des gouttes dans ces humeurs, des vapeurs dans ces gouttes; que, divisant encore ces derni\u00e8res choses, il \u00e9puise ses forces en ces conceptions, et que le dernier objet o\u00f9 il peut arriver soit maintenant celui de notre discours; il pensera peut-\u00eatre que c&#8217;est l\u00e0 l&#8217;extr\u00eame petitesse de la nature.<\/p>\n\n\n\n<p>Je veux lui faire voir l\u00e0 dedans un ab\u00eeme nouveau. Je lui veux peindre non seulement l&#8217;univers visible, mais l&#8217;immensit\u00e9 qu&#8217;on peut concevoir de la nature, dans l&#8217;enceinte de ce raccourci d&#8217;atome. Qu&#8217;il y voie une infinit\u00e9 d&#8217;univers, dont chacun a son firmament, ses plan\u00e8tes, sa terre, en la m\u00eame proportion que le monde visible; dans cette terre, des animaux, et enfin des cirons, dans lesquels il retrouvera ce que les premiers ont donn\u00e9; et trouvant encore dans les autres la m\u00eame chose sans fin et sans repos, qu&#8217;il se perde dans ses merveilles, aussi \u00e9tonnantes dans leur petitesse que les autres par leur \u00e9tendue; car qui n&#8217;admirera que notre corps, qui tant\u00f4t n&#8217;\u00e9tait pas perceptible dans l&#8217;univers, imperceptible lui-m\u00eame dans le sein du tout, soit \u00e0 pr\u00e9sent un colosse, un monde, ou plut\u00f4t un tout, \u00e0 l&#8217;\u00e9gard du n\u00e9ant o\u00f9 l&#8217;on ne peut arriver&nbsp;?<\/p>\n\n\n\n<p>Qui se consid\u00e9rera de la sorte s&#8217;effrayera de soi-m\u00eame, et, se consid\u00e9rant soutenu dans la masse que la nature lui a donn\u00e9e, entre ces deux ab\u00eemes de l&#8217;infini et du n\u00e9ant, il tremblera dans la vue de ces merveilles; et je crois que sa curiosit\u00e9, se changeant en admiration, il sera plus dispos\u00e9 \u00e0 les contempler en silence qu&#8217;\u00e0 les rechercher avec pr\u00e9somption.<\/p>\n\n\n\n<p>Car enfin qu&#8217;est-ce que l&#8217;homme dans la nature&nbsp;? Un n\u00e9ant \u00e0 l&#8217;\u00e9gard de l&#8217;infini, un tout \u00e0 l&#8217;\u00e9gard du n\u00e9ant, un milieu entre rien et tout. Infiniment \u00e9loign\u00e9 de comprendre les extr\u00eames, la fin des choses et leur principe sont pour lui invinciblement cach\u00e9s dans un secret imp\u00e9n\u00e9trable, \u00e9galement incapable de voir le n\u00e9ant d&#8217;o\u00f9 il est tir\u00e9, et l&#8217;infini o\u00f9 il est englouti.<\/p>\n","protected":false},"excerpt":{"rendered":"<p>Nous sommes connect\u00e9s \u00e0 l\u2019infini.. D\u00e8s que nous levons les yeux vers les \u00e9toiles, ou d\u00e8s que nous fermons les yeux et acceptons de plonger au c\u0153ur des trous noirs de notre pens\u00e9e, nous sommes connect\u00e9s \u00e0 l\u2019infini\u2026 L\u2019infini est merveilleux pour qui le souhaite, il emplit tous nos sens et nous laisse pr\u00e9sager tant de plaisirs, tant de d\u00e9couvertes, tant de sensations que nous n\u2019imaginons pas encore. Mais quelle est la place de l\u2019humain dans l\u2019infini&nbsp;? Pour \u00eatre pris de s\u00e9r\u00e9nit\u00e9 et non de vertige, probablement faut il accepter de reconna\u00eetre que nous ne sommes que poussi\u00e8re au c\u0153ur de l&#8217;univers, que notre destin individuel et collectif n&#8217;a que peu d&#8217;importance au regard de la marche des galaxies, que probablement en dehors de nous m\u00eame nul ne conna\u00eet notre existence.<\/p>\n","protected":false},"author":2,"featured_media":991,"comment_status":"open","ping_status":"open","sticky":false,"template":"","format":"standard","meta":{"footnotes":""},"categories":[4],"tags":[],"class_list":["post-325","post","type-post","status-publish","format-standard","has-post-thumbnail","hentry","category-uncategorized"],"_links":{"self":[{"href":"https:\/\/thierrydenys.fr\/index.php\/wp-json\/wp\/v2\/posts\/325","targetHints":{"allow":["GET"]}}],"collection":[{"href":"https:\/\/thierrydenys.fr\/index.php\/wp-json\/wp\/v2\/posts"}],"about":[{"href":"https:\/\/thierrydenys.fr\/index.php\/wp-json\/wp\/v2\/types\/post"}],"author":[{"embeddable":true,"href":"https:\/\/thierrydenys.fr\/index.php\/wp-json\/wp\/v2\/users\/2"}],"replies":[{"embeddable":true,"href":"https:\/\/thierrydenys.fr\/index.php\/wp-json\/wp\/v2\/comments?post=325"}],"version-history":[{"count":7,"href":"https:\/\/thierrydenys.fr\/index.php\/wp-json\/wp\/v2\/posts\/325\/revisions"}],"predecessor-version":[{"id":979,"href":"https:\/\/thierrydenys.fr\/index.php\/wp-json\/wp\/v2\/posts\/325\/revisions\/979"}],"wp:featuredmedia":[{"embeddable":true,"href":"https:\/\/thierrydenys.fr\/index.php\/wp-json\/wp\/v2\/media\/991"}],"wp:attachment":[{"href":"https:\/\/thierrydenys.fr\/index.php\/wp-json\/wp\/v2\/media?parent=325"}],"wp:term":[{"taxonomy":"category","embeddable":true,"href":"https:\/\/thierrydenys.fr\/index.php\/wp-json\/wp\/v2\/categories?post=325"},{"taxonomy":"post_tag","embeddable":true,"href":"https:\/\/thierrydenys.fr\/index.php\/wp-json\/wp\/v2\/tags?post=325"}],"curies":[{"name":"wp","href":"https:\/\/api.w.org\/{rel}","templated":true}]}}